{"id":57,"date":"2017-05-28T13:14:40","date_gmt":"2017-05-28T11:14:40","guid":{"rendered":"http:\/\/holz.mindach.net\/holz\/wordpress\/?p=57"},"modified":"2023-08-09T11:13:31","modified_gmt":"2023-08-09T09:13:31","slug":"willkommen-auf-der-holz-seite","status":"publish","type":"post","link":"https:\/\/holz.mindach.net\/index.php\/2017\/05\/28\/willkommen-auf-der-holz-seite\/","title":{"rendered":"Willkommen auf der Holz Seite"},"content":{"rendered":"\n<figure class=\"wp-block-gallery has-nested-images columns-default is-cropped wp-block-gallery-1 is-layout-flex wp-block-gallery-is-layout-flex\">\n<figure class=\"wp-block-image size-large\"><a href=\"https:\/\/holz.mindach.net\/wp-content\/uploads\/2017\/05\/IMG_2760.jpg\" target=\"_blank\" rel=\"noopener\"><img loading=\"lazy\" decoding=\"async\" width=\"1024\" height=\"768\" data-id=\"52\" src=\"https:\/\/holz.mindach.net\/wp-content\/uploads\/2017\/05\/IMG_2760-1024x768.jpg\" alt=\"\" class=\"wp-image-52\" srcset=\"https:\/\/holz.mindach.net\/wp-content\/uploads\/2017\/05\/IMG_2760-1024x768.jpg 1024w, https:\/\/holz.mindach.net\/wp-content\/uploads\/2017\/05\/IMG_2760-300x225.jpg 300w, https:\/\/holz.mindach.net\/wp-content\/uploads\/2017\/05\/IMG_2760-768x576.jpg 768w\" sizes=\"auto, (max-width: 1024px) 100vw, 1024px\" \/><\/a><\/figure>\n<\/figure>\n\n\n\n<p>Das besondere an diesem Gef\u00e4\u00df ist der schr\u00e4ge Steg<\/p>\n\n\n\n<p>dazu mu\u00dfte das Holz schr\u00e4g eingespannt werden.<\/p>\n\n\n\n<figure class=\"wp-block-gallery has-nested-images columns-default is-cropped wp-block-gallery-2 is-layout-flex wp-block-gallery-is-layout-flex\">\n<figure class=\"wp-block-image size-large size-medium wp-image-53\"><a href=\"https:\/\/holz.mindach.net\/wp-content\/uploads\/2017\/05\/IMG_2761-e1495969861407.jpg\" target=\"_blank\" rel=\"noopener\"><img loading=\"lazy\" decoding=\"async\" width=\"768\" height=\"1024\" data-id=\"53\" src=\"https:\/\/holz.mindach.net\/wp-content\/uploads\/2017\/05\/IMG_2761-e1495969861407-768x1024.jpg\" alt=\"\" class=\"wp-image-53\" srcset=\"https:\/\/holz.mindach.net\/wp-content\/uploads\/2017\/05\/IMG_2761-e1495969861407-768x1024.jpg 768w, https:\/\/holz.mindach.net\/wp-content\/uploads\/2017\/05\/IMG_2761-e1495969861407-225x300.jpg 225w\" sizes=\"auto, (max-width: 768px) 100vw, 768px\" \/><\/a><figcaption class=\"wp-element-caption\">Eiche<\/figcaption><\/figure>\n<\/figure>\n","protected":false},"excerpt":{"rendered":"<p>Das besondere an diesem Gef\u00e4\u00df ist der schr\u00e4ge Steg dazu mu\u00dfte das Holz schr\u00e4g eingespannt werden.<\/p>\n","protected":false},"author":1,"featured_media":53,"comment_status":"open","ping_status":"open","sticky":false,"template":"","format":"standard","meta":{"footnotes":""},"categories":[36,41],"tags":[],"class_list":["post-57","post","type-post","status-publish","format-standard","has-post-thumbnail","hentry","category-holz","category-schuessel"],"_links":{"self":[{"href":"https:\/\/holz.mindach.net\/index.php\/wp-json\/wp\/v2\/posts\/57","targetHints":{"allow":["GET"]}}],"collection":[{"href":"https:\/\/holz.mindach.net\/index.php\/wp-json\/wp\/v2\/posts"}],"about":[{"href":"https:\/\/holz.mindach.net\/index.php\/wp-json\/wp\/v2\/types\/post"}],"author":[{"embeddable":true,"href":"https:\/\/holz.mindach.net\/index.php\/wp-json\/wp\/v2\/users\/1"}],"replies":[{"embeddable":true,"href":"https:\/\/holz.mindach.net\/index.php\/wp-json\/wp\/v2\/comments?post=57"}],"version-history":[{"count":3,"href":"https:\/\/holz.mindach.net\/index.php\/wp-json\/wp\/v2\/posts\/57\/revisions"}],"predecessor-version":[{"id":716,"href":"https:\/\/holz.mindach.net\/index.php\/wp-json\/wp\/v2\/posts\/57\/revisions\/716"}],"wp:featuredmedia":[{"embeddable":true,"href":"https:\/\/holz.mindach.net\/index.php\/wp-json\/wp\/v2\/media\/53"}],"wp:attachment":[{"href":"https:\/\/holz.mindach.net\/index.php\/wp-json\/wp\/v2\/media?parent=57"}],"wp:term":[{"taxonomy":"category","embeddable":true,"href":"https:\/\/holz.mindach.net\/index.php\/wp-json\/wp\/v2\/categories?post=57"},{"taxonomy":"post_tag","embeddable":true,"href":"https:\/\/holz.mindach.net\/index.php\/wp-json\/wp\/v2\/tags?post=57"}],"curies":[{"name":"wp","href":"https:\/\/api.w.org\/{rel}","templated":true}]}}